{"id":1291,"date":"2026-03-13T11:27:24","date_gmt":"2026-03-13T11:27:24","guid":{"rendered":"https:\/\/www.hibouair.com\/blog\/?p=1291"},"modified":"2026-03-13T11:30:16","modified_gmt":"2026-03-13T11:30:16","slug":"varfor-inomhusluftens-kvalitet-i-forskolor-ar-viktigare-an-nagonsin","status":"publish","type":"post","link":"https:\/\/www.hibouair.com\/blog\/sv\/varfor-inomhusluftens-kvalitet-i-forskolor-ar-viktigare-an-nagonsin\/","title":{"rendered":"Varf\u00f6r inomhusluftens kvalitet i f\u00f6rskolor \u00e4r viktigare \u00e4n n\u00e5gonsin"},"content":{"rendered":"\n<p>F\u00f6rskolor \u00e4r milj\u00f6er d\u00e4r sm\u00e5 barn tillbringar m\u00e5nga timmar varje dag med att l\u00e4ra sig, leka och interagera med andra. \u00c4ven om n\u00e4ring, s\u00e4kerhet och utbildning ofta \u00e4r de fr\u00e4msta prioriteringarna, \u00e4r&nbsp;<a href=\"https:\/\/www.hibouair.com\/blog\/how-indoor-air-quality-monitoring-helps-identify-hidden-sources-of-pollution\/\" target=\"_blank\" rel=\"noreferrer noopener\">inomhusluftens kvalitet<\/a>&nbsp;en lika viktig faktor som direkt p\u00e5verkar barns h\u00e4lsa. Eftersom f\u00f6rskoleklassrum vanligtvis har m\u00e5nga barn p\u00e5 relativt sm\u00e5 ytor kan inomhusluftens f\u00f6rh\u00e5llanden f\u00f6r\u00e4ndras snabbt om ventilationen inte hanteras p\u00e5 r\u00e4tt s\u00e4tt.<\/p>\n\n\n\n<p>Barn \u00e4r mer k\u00e4nsliga f\u00f6r luftf\u00f6roreningar \u00e4n vuxna eftersom deras lungor fortfarande utvecklas och de andas snabbare i f\u00f6rh\u00e5llande till sin kroppsstorlek. N\u00e4r inomhusluften inneh\u00e5ller h\u00f6ga niv\u00e5er av koldioxid (CO2), fina partiklar eller kemiska f\u00f6roreningar kan barn uppleva symtom som tr\u00f6tthet, hosta eller irritation i \u00f6gon och hals. Att uppr\u00e4tth\u00e5lla en h\u00e4lsosam inomhusluft i f\u00f6rskolemilj\u00f6er \u00e4r d\u00e4rf\u00f6r avg\u00f6rande b\u00e5de f\u00f6r omedelbar komfort och f\u00f6r l\u00e5ngsiktig andningsh\u00e4lsa.<\/p>\n\n\n\n<h2 class=\"wp-block-heading\">Vanliga utmaningar f\u00f6r inomhusluftens kvalitet i f\u00f6rskolor<\/h2>\n\n\n\n<p>F\u00f6rskolor upplever ofta utmaningar med inomhusluftens kvalitet p\u00e5 grund av&nbsp;<a href=\"https:\/\/www.hibouair.com\/blog\/the-significance-of-occupancy-monitoring\/\" target=\"_blank\" rel=\"noreferrer noopener\">h\u00f6g bel\u00e4ggning<\/a>&nbsp;och st\u00e4ndig aktivitet. N\u00e4r m\u00e5nga barn delar samma rum kan CO2-niv\u00e5erna snabbt \u00f6ka som ett resultat av normal andning. F\u00f6rh\u00f6jd CO2 \u00e4r vanligtvis ett tecken p\u00e5 att ventilationen \u00e4r otillr\u00e4cklig och kan leda till tr\u00f6tthet och minskad koncentration hos b\u00e5de barn och personal.<\/p>\n\n\n\n<p>Partiklar i luften \u00e4r en annan oro. Damm fr\u00e5n mattor, utomhusf\u00f6roreningar som kommer in genom d\u00f6rrar eller f\u00f6nster, och partiklar fr\u00e5n vardagliga aktiviteter kan samlas inomhus. Eftersom barn ofta leker p\u00e5 golvet och r\u00f6r sig aktivt kan dessa partiklar l\u00e4tt bli luftburna igen och \u00f6ka exponeringen. Dessutom kan vissa material s\u00e5som reng\u00f6ringsprodukter, m\u00f6bler och pysselmaterial avge flyktiga organiska f\u00f6reningar som kan byggas upp inomhus om ventilationen inte \u00e4r tillr\u00e4cklig.<\/p>\n\n\n\n<h2 class=\"wp-block-heading\">H\u00e4lsop\u00e5verkan av d\u00e5lig luftkvalitet p\u00e5 sm\u00e5 barn<\/h2>\n\n\n\n<p>Sm\u00e5 barn \u00e4r s\u00e4rskilt s\u00e5rbara f\u00f6r milj\u00f6f\u00f6rh\u00e5llanden, och d\u00e5lig luftkvalitet kan p\u00e5verka b\u00e5de deras h\u00e4lsa och dagliga v\u00e4lbefinnande. N\u00e4r inomhusmilj\u00f6er inneh\u00e5ller f\u00f6rh\u00f6jda niv\u00e5er av f\u00f6roreningar kan barn uppleva t\u00e4tare luftv\u00e4gssymtom, irritation fr\u00e5n allergier eller tr\u00f6tthet. Dessa problem kan st\u00f6ra deras f\u00f6rm\u00e5ga att delta fullt ut i l\u00e4rande och lekaktiviteter.<\/p>\n\n\n\n<h2 class=\"wp-block-heading\">Varf\u00f6r \u00f6vervakning av inomhusluftens kvalitet \u00e4r avg\u00f6rande<\/h2>\n\n\n\n<p>M\u00e5nga f\u00f6rskolebyggnader f\u00f6rlitar sig p\u00e5 ventilationssystem f\u00f6r att uppr\u00e4tth\u00e5lla komfort inomhus, men utan korrekt \u00f6vervakning \u00e4r det sv\u00e5rt att veta om luftkvaliteten faktiskt uppfyller h\u00e4lsosamma standarder. CO2-niv\u00e5erna kan \u00f6ka under intensiva perioder, partikelhalterna kan f\u00f6r\u00e4ndras beroende p\u00e5 utomhusf\u00f6rh\u00e5llanden och luftfuktigheten kan variera under dagen.<\/p>\n\n\n\n<p><a href=\"https:\/\/www.hibouair.com\/desktop-air-quality-monitoring-solution.php\" target=\"_blank\" rel=\"noreferrer noopener\">Luftkvalitets\u00f6vervakning i realtid<\/a>&nbsp;med enheter som&nbsp;<strong><a href=\"https:\/\/www.hibouair.com\/index.php\" target=\"_blank\" rel=\"noreferrer noopener\">HibouAir<\/a><\/strong>&nbsp;ger insyn i dessa f\u00f6r\u00e4ndringar. Genom att m\u00e4ta parametrar s\u00e5som CO2, partiklar, temperatur och luftfuktighet kan fastighetsansvariga f\u00f6rst\u00e5 hur inomhusf\u00f6rh\u00e5llandena utvecklas under dagens aktiviteter. \u00d6vervakningsl\u00f6sningar som HibouAir g\u00f6r det m\u00f6jligt f\u00f6r f\u00f6rskoleverksamheter att kontinuerligt f\u00f6lja inomhusluftens kvalitet och identifiera n\u00e4r \u00e5tg\u00e4rder kan beh\u00f6vas f\u00f6r att uppr\u00e4tth\u00e5lla h\u00e4lsosamma milj\u00f6er.<\/p>\n\n\n\n<h2 class=\"wp-block-heading\">Att integrera luftkvalitets\u00f6vervakning med ventilationssystem<\/h2>\n\n\n\n<p>\u00d6vervakning av inomhusluftens kvalitet blir \u00e4nnu mer v\u00e4rdefull n\u00e4r den kopplas samman med byggnadens ventilationssystem. I st\u00e4llet f\u00f6r att driva ventilationen med en fast hastighet g\u00f6r behovsstyrd ventilation det m\u00f6jligt att anpassa luftfl\u00f6det utifr\u00e5n de verkliga f\u00f6rh\u00e5llandena inomhus. N\u00e4r CO2-niv\u00e5erna stiger p\u00e5 grund av h\u00f6gre bel\u00e4ggning kan ventilationssystemet automatiskt \u00f6ka luftfl\u00f6det f\u00f6r att \u00e5terst\u00e4lla h\u00e4lsosamma f\u00f6rh\u00e5llanden.<\/p>\n\n\n\n<p>Detta tillv\u00e4gag\u00e5ngss\u00e4tt f\u00f6rb\u00e4ttrar komforten inomhus och minskar samtidigt on\u00f6dig energianv\u00e4ndning n\u00e4r utrymmena \u00e4r mindre belagda. Genom att anv\u00e4nda&nbsp;<a href=\"https:\/\/www.hibouair.com\/specifications-air-quality-monitor-co2-sensor.php\" target=\"_blank\" rel=\"noreferrer noopener\">luftkvalitetssensorer<\/a>&nbsp;som en del av ventilationsstrategin kan f\u00f6rskolor uppr\u00e4tth\u00e5lla h\u00e4lsosamma milj\u00f6er samtidigt som de arbetar mer effektivt.<\/p>\n\n\n\n<h2 class=\"wp-block-heading\">Att anv\u00e4nda HibouAir ControlHub f\u00f6r smart hantering av luftkvalitet<\/h2>\n\n\n\n<p>I f\u00f6rskolor med flera rum eller klassrum kan hanteringen av luftkvaliteten i hela byggnaden bli utmanande. Ett centraliserat system som&nbsp;<a href=\"https:\/\/www.hibouair.com\/smart-programmable-control-hub.php?solution=standalone\" target=\"_blank\" rel=\"noreferrer noopener\">HibouAir ControlHub<\/a>&nbsp;hj\u00e4lper till att f\u00f6renkla denna process genom att samla in data fr\u00e5n flera luftkvalitetsm\u00e4tare och presentera dem i ett enda gr\u00e4nssnitt.<\/p>\n\n\n\n<p>Med centraliserad \u00f6vervakning kan administrat\u00f6rer snabbt identifiera vilka rum som kan beh\u00f6va f\u00f6rb\u00e4ttrad ventilation eller uppm\u00e4rksamhet. Systemet kan ocks\u00e5 st\u00f6dja automatiserade \u00e5tg\u00e4rder, s\u00e5som att justera ventilationen n\u00e4r CO2-niv\u00e5erna stiger. Med tiden hj\u00e4lper historiska data fastighetsansvariga att f\u00f6rst\u00e5 m\u00f6nster i bel\u00e4ggning och luftkvalitet.<\/p>\n\n\n\n<h2 class=\"wp-block-heading\">Att skapa h\u00e4lsosammare inomhusmilj\u00f6er f\u00f6r barn<\/h2>\n\n\n\n<p>Att skapa h\u00e4lsosamma inomhusmilj\u00f6er i f\u00f6rskolor \u00e4r ett viktigt steg f\u00f6r att skydda barns h\u00e4lsa och st\u00f6dja deras utveckling. Ren luft hj\u00e4lper till att minska sjukdom, f\u00f6rb\u00e4ttrar komforten och skapar b\u00e4ttre f\u00f6ruts\u00e4ttningar f\u00f6r l\u00e4rande f\u00f6r b\u00e5de barn och personal.<\/p>\n\n\n\n<p>Genom att kombinera&nbsp;<a href=\"https:\/\/www.hibouair.com\/standalone-air-quality-monitoring-device.php\" target=\"_blank\" rel=\"noreferrer noopener\">luftkvalitets\u00f6vervakning i realtid<\/a>&nbsp;med intelligenta ventilationsstrategier kan f\u00f6rskolor uppr\u00e4tth\u00e5lla h\u00e4lsosammare inomhusmilj\u00f6er under hela dagen. L\u00f6sningar som HibouAirs \u00f6vervakningsenheter och ControlHub-hanteringssystem ger de data och den kontroll som beh\u00f6vs f\u00f6r att uppr\u00e4tth\u00e5lla s\u00e4kra och bekv\u00e4ma milj\u00f6er d\u00e4r barn kan l\u00e4ra sig och v\u00e4xa.<\/p>\n","protected":false},"excerpt":{"rendered":"<p>F\u00f6rskolor \u00e4r milj\u00f6er d\u00e4r sm\u00e5 barn tillbringar m\u00e5nga timmar varje dag med att l\u00e4ra sig, leka och interagera med andra. \u00c4ven om n\u00e4ring, s\u00e4kerhet och [&hellip;]<\/p>\n","protected":false},"author":1,"featured_media":1293,"comment_status":"open","ping_status":"open","sticky":false,"template":"","format":"standard","meta":{"footnotes":""},"categories":[10],"tags":[],"class_list":["post-1291","post","type-post","status-publish","format-standard","has-post-thumbnail","hentry","category-uncategorized-sv"],"yoast_head":"<!-- This site is optimized with the Yoast SEO plugin v27.5 - https:\/\/yoast.com\/product\/yoast-seo-wordpress\/ -->\n<title>Varf\u00f6r inomhusluftens kvalitet i f\u00f6rskolor \u00e4r viktigare \u00e4n n\u00e5gonsin - HibouAir<\/title>\n<meta name=\"robots\" content=\"index, follow, max-snippet:-1, max-image-preview:large, max-video-preview:-1\" \/>\n<link rel=\"canonical\" href=\"https:\/\/www.hibouair.com\/blog\/sv\/varfor-inomhusluftens-kvalitet-i-forskolor-ar-viktigare-an-nagonsin\/\" \/>\n<meta property=\"og:locale\" content=\"en_US\" \/>\n<meta property=\"og:type\" content=\"article\" \/>\n<meta property=\"og:title\" content=\"Varf\u00f6r inomhusluftens kvalitet i f\u00f6rskolor \u00e4r viktigare \u00e4n n\u00e5gonsin - HibouAir\" \/>\n<meta property=\"og:description\" content=\"F\u00f6rskolor \u00e4r milj\u00f6er d\u00e4r sm\u00e5 barn tillbringar m\u00e5nga timmar varje dag med att l\u00e4ra sig, leka och interagera med andra. \u00c4ven om n\u00e4ring, s\u00e4kerhet och [&hellip;]\" \/>\n<meta property=\"og:url\" content=\"https:\/\/www.hibouair.com\/blog\/sv\/varfor-inomhusluftens-kvalitet-i-forskolor-ar-viktigare-an-nagonsin\/\" \/>\n<meta property=\"og:site_name\" content=\"HibouAir\" \/>\n<meta property=\"article:publisher\" content=\"https:\/\/www.facebook.com\/HibouAir\/\" \/>\n<meta property=\"article:published_time\" content=\"2026-03-13T11:27:24+00:00\" \/>\n<meta property=\"article:modified_time\" content=\"2026-03-13T11:30:16+00:00\" \/>\n<meta property=\"og:image\" content=\"https:\/\/www.hibouair.com\/blog\/wp-content\/uploads\/2026\/03\/se-Indoor-air-quality-monitoring-daycare-center.webp\" \/>\n\t<meta property=\"og:image:width\" content=\"1376\" \/>\n\t<meta property=\"og:image:height\" content=\"768\" \/>\n\t<meta property=\"og:image:type\" content=\"image\/webp\" \/>\n<meta name=\"author\" content=\"haAdmin\" \/>\n<meta name=\"twitter:card\" content=\"summary_large_image\" \/>\n<script type=\"application\/ld+json\" class=\"yoast-schema-graph\">{\"@context\":\"https:\\\/\\\/schema.org\",\"@graph\":[{\"@type\":\"Article\",\"@id\":\"https:\\\/\\\/www.hibouair.com\\\/blog\\\/sv\\\/varfor-inomhusluftens-kvalitet-i-forskolor-ar-viktigare-an-nagonsin\\\/#article\",\"isPartOf\":{\"@id\":\"https:\\\/\\\/www.hibouair.com\\\/blog\\\/sv\\\/varfor-inomhusluftens-kvalitet-i-forskolor-ar-viktigare-an-nagonsin\\\/\"},\"author\":{\"name\":\"haAdmin\",\"@id\":\"https:\\\/\\\/www.hibouair.com\\\/blog\\\/#\\\/schema\\\/person\\\/6c1c64d2ee7253fdd65a1dce29592dc3\"},\"headline\":\"Varf\u00f6r inomhusluftens kvalitet i f\u00f6rskolor \u00e4r viktigare \u00e4n n\u00e5gonsin\",\"datePublished\":\"2026-03-13T11:27:24+00:00\",\"dateModified\":\"2026-03-13T11:30:16+00:00\",\"mainEntityOfPage\":{\"@id\":\"https:\\\/\\\/www.hibouair.com\\\/blog\\\/sv\\\/varfor-inomhusluftens-kvalitet-i-forskolor-ar-viktigare-an-nagonsin\\\/\"},\"wordCount\":960,\"commentCount\":0,\"publisher\":{\"@id\":\"https:\\\/\\\/www.hibouair.com\\\/blog\\\/#organization\"},\"image\":{\"@id\":\"https:\\\/\\\/www.hibouair.com\\\/blog\\\/sv\\\/varfor-inomhusluftens-kvalitet-i-forskolor-ar-viktigare-an-nagonsin\\\/#primaryimage\"},\"thumbnailUrl\":\"https:\\\/\\\/www.hibouair.com\\\/blog\\\/wp-content\\\/uploads\\\/2026\\\/03\\\/se-Indoor-air-quality-monitoring-daycare-center.webp\",\"inLanguage\":\"en-US\",\"potentialAction\":[{\"@type\":\"CommentAction\",\"name\":\"Comment\",\"target\":[\"https:\\\/\\\/www.hibouair.com\\\/blog\\\/sv\\\/varfor-inomhusluftens-kvalitet-i-forskolor-ar-viktigare-an-nagonsin\\\/#respond\"]}]},{\"@type\":\"WebPage\",\"@id\":\"https:\\\/\\\/www.hibouair.com\\\/blog\\\/sv\\\/varfor-inomhusluftens-kvalitet-i-forskolor-ar-viktigare-an-nagonsin\\\/\",\"url\":\"https:\\\/\\\/www.hibouair.com\\\/blog\\\/sv\\\/varfor-inomhusluftens-kvalitet-i-forskolor-ar-viktigare-an-nagonsin\\\/\",\"name\":\"Varf\u00f6r inomhusluftens kvalitet i f\u00f6rskolor \u00e4r viktigare \u00e4n n\u00e5gonsin - HibouAir\",\"isPartOf\":{\"@id\":\"https:\\\/\\\/www.hibouair.com\\\/blog\\\/#website\"},\"primaryImageOfPage\":{\"@id\":\"https:\\\/\\\/www.hibouair.com\\\/blog\\\/sv\\\/varfor-inomhusluftens-kvalitet-i-forskolor-ar-viktigare-an-nagonsin\\\/#primaryimage\"},\"image\":{\"@id\":\"https:\\\/\\\/www.hibouair.com\\\/blog\\\/sv\\\/varfor-inomhusluftens-kvalitet-i-forskolor-ar-viktigare-an-nagonsin\\\/#primaryimage\"},\"thumbnailUrl\":\"https:\\\/\\\/www.hibouair.com\\\/blog\\\/wp-content\\\/uploads\\\/2026\\\/03\\\/se-Indoor-air-quality-monitoring-daycare-center.webp\",\"datePublished\":\"2026-03-13T11:27:24+00:00\",\"dateModified\":\"2026-03-13T11:30:16+00:00\",\"breadcrumb\":{\"@id\":\"https:\\\/\\\/www.hibouair.com\\\/blog\\\/sv\\\/varfor-inomhusluftens-kvalitet-i-forskolor-ar-viktigare-an-nagonsin\\\/#breadcrumb\"},\"inLanguage\":\"en-US\",\"potentialAction\":[{\"@type\":\"ReadAction\",\"target\":[\"https:\\\/\\\/www.hibouair.com\\\/blog\\\/sv\\\/varfor-inomhusluftens-kvalitet-i-forskolor-ar-viktigare-an-nagonsin\\\/\"]}]},{\"@type\":\"ImageObject\",\"inLanguage\":\"en-US\",\"@id\":\"https:\\\/\\\/www.hibouair.com\\\/blog\\\/sv\\\/varfor-inomhusluftens-kvalitet-i-forskolor-ar-viktigare-an-nagonsin\\\/#primaryimage\",\"url\":\"https:\\\/\\\/www.hibouair.com\\\/blog\\\/wp-content\\\/uploads\\\/2026\\\/03\\\/se-Indoor-air-quality-monitoring-daycare-center.webp\",\"contentUrl\":\"https:\\\/\\\/www.hibouair.com\\\/blog\\\/wp-content\\\/uploads\\\/2026\\\/03\\\/se-Indoor-air-quality-monitoring-daycare-center.webp\",\"width\":1376,\"height\":768,\"caption\":\"se - Indoor air quality monitoring daycare center\"},{\"@type\":\"BreadcrumbList\",\"@id\":\"https:\\\/\\\/www.hibouair.com\\\/blog\\\/sv\\\/varfor-inomhusluftens-kvalitet-i-forskolor-ar-viktigare-an-nagonsin\\\/#breadcrumb\",\"itemListElement\":[{\"@type\":\"ListItem\",\"position\":1,\"name\":\"Home\",\"item\":\"https:\\\/\\\/www.hibouair.com\\\/blog\\\/\"},{\"@type\":\"ListItem\",\"position\":2,\"name\":\"Varf\u00f6r inomhusluftens kvalitet i f\u00f6rskolor \u00e4r viktigare \u00e4n n\u00e5gonsin\"}]},{\"@type\":\"WebSite\",\"@id\":\"https:\\\/\\\/www.hibouair.com\\\/blog\\\/#website\",\"url\":\"https:\\\/\\\/www.hibouair.com\\\/blog\\\/\",\"name\":\"HibouAir\",\"description\":\"Air Quality Monitor\",\"publisher\":{\"@id\":\"https:\\\/\\\/www.hibouair.com\\\/blog\\\/#organization\"},\"potentialAction\":[{\"@type\":\"SearchAction\",\"target\":{\"@type\":\"EntryPoint\",\"urlTemplate\":\"https:\\\/\\\/www.hibouair.com\\\/blog\\\/?s={search_term_string}\"},\"query-input\":{\"@type\":\"PropertyValueSpecification\",\"valueRequired\":true,\"valueName\":\"search_term_string\"}}],\"inLanguage\":\"en-US\"},{\"@type\":\"Organization\",\"@id\":\"https:\\\/\\\/www.hibouair.com\\\/blog\\\/#organization\",\"name\":\"HibouAir\",\"url\":\"https:\\\/\\\/www.hibouair.com\\\/blog\\\/\",\"logo\":{\"@type\":\"ImageObject\",\"inLanguage\":\"en-US\",\"@id\":\"https:\\\/\\\/www.hibouair.com\\\/blog\\\/#\\\/schema\\\/logo\\\/image\\\/\",\"url\":\"https:\\\/\\\/www.hibouair.com\\\/blog\\\/wp-content\\\/uploads\\\/2025\\\/02\\\/logo.png\",\"contentUrl\":\"https:\\\/\\\/www.hibouair.com\\\/blog\\\/wp-content\\\/uploads\\\/2025\\\/02\\\/logo.png\",\"width\":430,\"height\":100,\"caption\":\"HibouAir\"},\"image\":{\"@id\":\"https:\\\/\\\/www.hibouair.com\\\/blog\\\/#\\\/schema\\\/logo\\\/image\\\/\"},\"sameAs\":[\"https:\\\/\\\/www.facebook.com\\\/HibouAir\\\/\",\"https:\\\/\\\/www.linkedin.com\\\/showcase\\\/hibouair\\\/\"]},{\"@type\":\"Person\",\"@id\":\"https:\\\/\\\/www.hibouair.com\\\/blog\\\/#\\\/schema\\\/person\\\/6c1c64d2ee7253fdd65a1dce29592dc3\",\"name\":\"haAdmin\",\"image\":{\"@type\":\"ImageObject\",\"inLanguage\":\"en-US\",\"@id\":\"https:\\\/\\\/secure.gravatar.com\\\/avatar\\\/13bfd0bbf3e4d9b166e8724f7d264069e26f1ef32c3868ecbe6d44d8e46e6bba?s=96&d=mm&r=g\",\"url\":\"https:\\\/\\\/secure.gravatar.com\\\/avatar\\\/13bfd0bbf3e4d9b166e8724f7d264069e26f1ef32c3868ecbe6d44d8e46e6bba?s=96&d=mm&r=g\",\"contentUrl\":\"https:\\\/\\\/secure.gravatar.com\\\/avatar\\\/13bfd0bbf3e4d9b166e8724f7d264069e26f1ef32c3868ecbe6d44d8e46e6bba?s=96&d=mm&r=g\",\"caption\":\"haAdmin\"},\"sameAs\":[\"https:\\\/\\\/www.hibouair.com\\\/blog\"],\"url\":\"https:\\\/\\\/www.hibouair.com\\\/blog\\\/author\\\/haadmin\\\/\"}]}<\/script>\n<!-- \/ Yoast SEO plugin. -->","yoast_head_json":{"title":"Varf\u00f6r inomhusluftens kvalitet i f\u00f6rskolor \u00e4r viktigare \u00e4n n\u00e5gonsin - HibouAir","robots":{"index":"index","follow":"follow","max-snippet":"max-snippet:-1","max-image-preview":"max-image-preview:large","max-video-preview":"max-video-preview:-1"},"canonical":"https:\/\/www.hibouair.com\/blog\/sv\/varfor-inomhusluftens-kvalitet-i-forskolor-ar-viktigare-an-nagonsin\/","og_locale":"en_US","og_type":"article","og_title":"Varf\u00f6r inomhusluftens kvalitet i f\u00f6rskolor \u00e4r viktigare \u00e4n n\u00e5gonsin - HibouAir","og_description":"F\u00f6rskolor \u00e4r milj\u00f6er d\u00e4r sm\u00e5 barn tillbringar m\u00e5nga timmar varje dag med att l\u00e4ra sig, leka och interagera med andra. \u00c4ven om n\u00e4ring, s\u00e4kerhet och [&hellip;]","og_url":"https:\/\/www.hibouair.com\/blog\/sv\/varfor-inomhusluftens-kvalitet-i-forskolor-ar-viktigare-an-nagonsin\/","og_site_name":"HibouAir","article_publisher":"https:\/\/www.facebook.com\/HibouAir\/","article_published_time":"2026-03-13T11:27:24+00:00","article_modified_time":"2026-03-13T11:30:16+00:00","og_image":[{"width":1376,"height":768,"url":"https:\/\/www.hibouair.com\/blog\/wp-content\/uploads\/2026\/03\/se-Indoor-air-quality-monitoring-daycare-center.webp","type":"image\/webp"}],"author":"haAdmin","twitter_card":"summary_large_image","schema":{"@context":"https:\/\/schema.org","@graph":[{"@type":"Article","@id":"https:\/\/www.hibouair.com\/blog\/sv\/varfor-inomhusluftens-kvalitet-i-forskolor-ar-viktigare-an-nagonsin\/#article","isPartOf":{"@id":"https:\/\/www.hibouair.com\/blog\/sv\/varfor-inomhusluftens-kvalitet-i-forskolor-ar-viktigare-an-nagonsin\/"},"author":{"name":"haAdmin","@id":"https:\/\/www.hibouair.com\/blog\/#\/schema\/person\/6c1c64d2ee7253fdd65a1dce29592dc3"},"headline":"Varf\u00f6r inomhusluftens kvalitet i f\u00f6rskolor \u00e4r viktigare \u00e4n n\u00e5gonsin","datePublished":"2026-03-13T11:27:24+00:00","dateModified":"2026-03-13T11:30:16+00:00","mainEntityOfPage":{"@id":"https:\/\/www.hibouair.com\/blog\/sv\/varfor-inomhusluftens-kvalitet-i-forskolor-ar-viktigare-an-nagonsin\/"},"wordCount":960,"commentCount":0,"publisher":{"@id":"https:\/\/www.hibouair.com\/blog\/#organization"},"image":{"@id":"https:\/\/www.hibouair.com\/blog\/sv\/varfor-inomhusluftens-kvalitet-i-forskolor-ar-viktigare-an-nagonsin\/#primaryimage"},"thumbnailUrl":"https:\/\/www.hibouair.com\/blog\/wp-content\/uploads\/2026\/03\/se-Indoor-air-quality-monitoring-daycare-center.webp","inLanguage":"en-US","potentialAction":[{"@type":"CommentAction","name":"Comment","target":["https:\/\/www.hibouair.com\/blog\/sv\/varfor-inomhusluftens-kvalitet-i-forskolor-ar-viktigare-an-nagonsin\/#respond"]}]},{"@type":"WebPage","@id":"https:\/\/www.hibouair.com\/blog\/sv\/varfor-inomhusluftens-kvalitet-i-forskolor-ar-viktigare-an-nagonsin\/","url":"https:\/\/www.hibouair.com\/blog\/sv\/varfor-inomhusluftens-kvalitet-i-forskolor-ar-viktigare-an-nagonsin\/","name":"Varf\u00f6r inomhusluftens kvalitet i f\u00f6rskolor \u00e4r viktigare \u00e4n n\u00e5gonsin - HibouAir","isPartOf":{"@id":"https:\/\/www.hibouair.com\/blog\/#website"},"primaryImageOfPage":{"@id":"https:\/\/www.hibouair.com\/blog\/sv\/varfor-inomhusluftens-kvalitet-i-forskolor-ar-viktigare-an-nagonsin\/#primaryimage"},"image":{"@id":"https:\/\/www.hibouair.com\/blog\/sv\/varfor-inomhusluftens-kvalitet-i-forskolor-ar-viktigare-an-nagonsin\/#primaryimage"},"thumbnailUrl":"https:\/\/www.hibouair.com\/blog\/wp-content\/uploads\/2026\/03\/se-Indoor-air-quality-monitoring-daycare-center.webp","datePublished":"2026-03-13T11:27:24+00:00","dateModified":"2026-03-13T11:30:16+00:00","breadcrumb":{"@id":"https:\/\/www.hibouair.com\/blog\/sv\/varfor-inomhusluftens-kvalitet-i-forskolor-ar-viktigare-an-nagonsin\/#breadcrumb"},"inLanguage":"en-US","potentialAction":[{"@type":"ReadAction","target":["https:\/\/www.hibouair.com\/blog\/sv\/varfor-inomhusluftens-kvalitet-i-forskolor-ar-viktigare-an-nagonsin\/"]}]},{"@type":"ImageObject","inLanguage":"en-US","@id":"https:\/\/www.hibouair.com\/blog\/sv\/varfor-inomhusluftens-kvalitet-i-forskolor-ar-viktigare-an-nagonsin\/#primaryimage","url":"https:\/\/www.hibouair.com\/blog\/wp-content\/uploads\/2026\/03\/se-Indoor-air-quality-monitoring-daycare-center.webp","contentUrl":"https:\/\/www.hibouair.com\/blog\/wp-content\/uploads\/2026\/03\/se-Indoor-air-quality-monitoring-daycare-center.webp","width":1376,"height":768,"caption":"se - Indoor air quality monitoring daycare center"},{"@type":"BreadcrumbList","@id":"https:\/\/www.hibouair.com\/blog\/sv\/varfor-inomhusluftens-kvalitet-i-forskolor-ar-viktigare-an-nagonsin\/#breadcrumb","itemListElement":[{"@type":"ListItem","position":1,"name":"Home","item":"https:\/\/www.hibouair.com\/blog\/"},{"@type":"ListItem","position":2,"name":"Varf\u00f6r inomhusluftens kvalitet i f\u00f6rskolor \u00e4r viktigare \u00e4n n\u00e5gonsin"}]},{"@type":"WebSite","@id":"https:\/\/www.hibouair.com\/blog\/#website","url":"https:\/\/www.hibouair.com\/blog\/","name":"HibouAir","description":"Air Quality Monitor","publisher":{"@id":"https:\/\/www.hibouair.com\/blog\/#organization"},"potentialAction":[{"@type":"SearchAction","target":{"@type":"EntryPoint","urlTemplate":"https:\/\/www.hibouair.com\/blog\/?s={search_term_string}"},"query-input":{"@type":"PropertyValueSpecification","valueRequired":true,"valueName":"search_term_string"}}],"inLanguage":"en-US"},{"@type":"Organization","@id":"https:\/\/www.hibouair.com\/blog\/#organization","name":"HibouAir","url":"https:\/\/www.hibouair.com\/blog\/","logo":{"@type":"ImageObject","inLanguage":"en-US","@id":"https:\/\/www.hibouair.com\/blog\/#\/schema\/logo\/image\/","url":"https:\/\/www.hibouair.com\/blog\/wp-content\/uploads\/2025\/02\/logo.png","contentUrl":"https:\/\/www.hibouair.com\/blog\/wp-content\/uploads\/2025\/02\/logo.png","width":430,"height":100,"caption":"HibouAir"},"image":{"@id":"https:\/\/www.hibouair.com\/blog\/#\/schema\/logo\/image\/"},"sameAs":["https:\/\/www.facebook.com\/HibouAir\/","https:\/\/www.linkedin.com\/showcase\/hibouair\/"]},{"@type":"Person","@id":"https:\/\/www.hibouair.com\/blog\/#\/schema\/person\/6c1c64d2ee7253fdd65a1dce29592dc3","name":"haAdmin","image":{"@type":"ImageObject","inLanguage":"en-US","@id":"https:\/\/secure.gravatar.com\/avatar\/13bfd0bbf3e4d9b166e8724f7d264069e26f1ef32c3868ecbe6d44d8e46e6bba?s=96&d=mm&r=g","url":"https:\/\/secure.gravatar.com\/avatar\/13bfd0bbf3e4d9b166e8724f7d264069e26f1ef32c3868ecbe6d44d8e46e6bba?s=96&d=mm&r=g","contentUrl":"https:\/\/secure.gravatar.com\/avatar\/13bfd0bbf3e4d9b166e8724f7d264069e26f1ef32c3868ecbe6d44d8e46e6bba?s=96&d=mm&r=g","caption":"haAdmin"},"sameAs":["https:\/\/www.hibouair.com\/blog"],"url":"https:\/\/www.hibouair.com\/blog\/author\/haadmin\/"}]}},"_links":{"self":[{"href":"https:\/\/www.hibouair.com\/blog\/wp-json\/wp\/v2\/posts\/1291","targetHints":{"allow":["GET"]}}],"collection":[{"href":"https:\/\/www.hibouair.com\/blog\/wp-json\/wp\/v2\/posts"}],"about":[{"href":"https:\/\/www.hibouair.com\/blog\/wp-json\/wp\/v2\/types\/post"}],"author":[{"embeddable":true,"href":"https:\/\/www.hibouair.com\/blog\/wp-json\/wp\/v2\/users\/1"}],"replies":[{"embeddable":true,"href":"https:\/\/www.hibouair.com\/blog\/wp-json\/wp\/v2\/comments?post=1291"}],"version-history":[{"count":1,"href":"https:\/\/www.hibouair.com\/blog\/wp-json\/wp\/v2\/posts\/1291\/revisions"}],"predecessor-version":[{"id":1292,"href":"https:\/\/www.hibouair.com\/blog\/wp-json\/wp\/v2\/posts\/1291\/revisions\/1292"}],"wp:featuredmedia":[{"embeddable":true,"href":"https:\/\/www.hibouair.com\/blog\/wp-json\/wp\/v2\/media\/1293"}],"wp:attachment":[{"href":"https:\/\/www.hibouair.com\/blog\/wp-json\/wp\/v2\/media?parent=1291"}],"wp:term":[{"taxonomy":"category","embeddable":true,"href":"https:\/\/www.hibouair.com\/blog\/wp-json\/wp\/v2\/categories?post=1291"},{"taxonomy":"post_tag","embeddable":true,"href":"https:\/\/www.hibouair.com\/blog\/wp-json\/wp\/v2\/tags?post=1291"}],"curies":[{"name":"wp","href":"https:\/\/api.w.org\/{rel}","templated":true}]}}